{"id":2014,"date":"2022-05-27T09:57:37","date_gmt":"2022-05-27T07:57:37","guid":{"rendered":"https:\/\/degussa.detail-digital.ch\/?p=2014"},"modified":"2022-05-27T09:57:37","modified_gmt":"2022-05-27T07:57:37","slug":"wer-steht-als-eigentuemer-hinter-der-degussa","status":"publish","type":"post","link":"https:\/\/www.degussa-mp.es\/de\/wer-steht-als-eigentuemer-hinter-der-degussa","title":{"rendered":"Wer steht als Eigent\u00fcmer hinter der Degussa?"},"content":{"rendered":"\n<p>Die Degussa befindet sich zu 100 Prozent im Eigentum einer Kapitalanlagegesellschaft, die zu einer der verm\u00f6gendsten deutschen Familien geh\u00f6rt. Diese hat im Jahr 2010 die Nutzungsrechte f\u00fcr die Marke in Verbindung mit dem Edelmetallgesch\u00e4ft von der Evonik Industries AG erworben und das Unternehmen Degussa gegr\u00fcndet.<\/p>\n","protected":false},"excerpt":{"rendered":"<p>Die Degussa befindet sich zu 100 Prozent im Eigentum einer Kapitalanlagegesellschaft, die zu einer der verm\u00f6gendsten deutschen Familien geh\u00f6rt. Diese hat im Jahr 2010 die Nutzungsrechte f\u00fcr die Marke in Verbindung mit dem Edelmetallgesch\u00e4ft von der Evonik Industries AG erworben und das Unternehmen Degussa gegr\u00fcndet.<\/p>\n","protected":false},"author":1,"featured_media":0,"comment_status":"open","ping_status":"open","sticky":false,"template":"","format":"standard","meta":{"_acf_changed":false,"inline_featured_image":false,"footnotes":""},"categories":[60],"tags":[],"class_list":["post-2014","post","type-post","status-publish","format-standard","hentry","category-faq-company"],"acf":[],"yoast_head":"<!-- This site is optimized with the Yoast SEO plugin v23.6 - https:\/\/yoast.com\/wordpress\/plugins\/seo\/ -->\n<title>Wer steht als Eigent\u00fcmer hinter der Degussa? - Degussa<\/title>\n<meta name=\"robots\" content=\"index, follow, max-snippet:-1, max-image-preview:large, max-video-preview:-1\" \/>\n<link rel=\"canonical\" href=\"https:\/\/www.degussa-mp.es\/de\/wer-steht-als-eigentuemer-hinter-der-degussa\" \/>\n<meta property=\"og:locale\" content=\"de_DE\" \/>\n<meta property=\"og:type\" content=\"article\" \/>\n<meta property=\"og:title\" content=\"Wer steht als Eigent\u00fcmer hinter der Degussa? - Degussa\" \/>\n<meta property=\"og:description\" content=\"Die Degussa befindet sich zu 100 Prozent im Eigentum einer Kapitalanlagegesellschaft, die zu einer der verm\u00f6gendsten deutschen Familien geh\u00f6rt. Diese hat im Jahr 2010 die Nutzungsrechte f\u00fcr die Marke in Verbindung mit dem Edelmetallgesch\u00e4ft von der Evonik Industries AG erworben und das Unternehmen Degussa gegr\u00fcndet.\" \/>\n<meta property=\"og:url\" content=\"https:\/\/www.degussa-mp.es\/de\/wer-steht-als-eigentuemer-hinter-der-degussa\" \/>\n<meta property=\"og:site_name\" content=\"Degussa\" \/>\n<meta property=\"article:published_time\" content=\"2022-05-27T07:57:37+00:00\" \/>\n<meta name=\"author\" content=\"detailag\" \/>\n<meta name=\"twitter:card\" content=\"summary_large_image\" \/>\n<meta name=\"twitter:label1\" content=\"Verfasst von\" \/>\n\t<meta name=\"twitter:data1\" content=\"detailag\" \/>\n<script type=\"application\/ld+json\" class=\"yoast-schema-graph\">{\"@context\":\"https:\/\/schema.org\",\"@graph\":[{\"@type\":\"Article\",\"@id\":\"https:\/\/www.degussa-mp.es\/de\/wer-steht-als-eigentuemer-hinter-der-degussa#article\",\"isPartOf\":{\"@id\":\"https:\/\/www.degussa-mp.es\/de\/wer-steht-als-eigentuemer-hinter-der-degussa\"},\"author\":{\"name\":\"detailag\",\"@id\":\"https:\/\/www.degussa-mp.es\/#\/schema\/person\/b7554e607483cfa6aaccbd127038f5e9\"},\"headline\":\"Wer steht als Eigent\u00fcmer hinter der Degussa?\",\"datePublished\":\"2022-05-27T07:57:37+00:00\",\"dateModified\":\"2022-05-27T07:57:37+00:00\",\"mainEntityOfPage\":{\"@id\":\"https:\/\/www.degussa-mp.es\/de\/wer-steht-als-eigentuemer-hinter-der-degussa\"},\"wordCount\":56,\"commentCount\":0,\"publisher\":{\"@id\":\"https:\/\/www.degussa-mp.es\/#organization\"},\"articleSection\":[\"Unternehmen\"],\"inLanguage\":\"de\",\"potentialAction\":[{\"@type\":\"CommentAction\",\"name\":\"Comment\",\"target\":[\"https:\/\/www.degussa-mp.es\/de\/wer-steht-als-eigentuemer-hinter-der-degussa#respond\"]}]},{\"@type\":\"WebPage\",\"@id\":\"https:\/\/www.degussa-mp.es\/de\/wer-steht-als-eigentuemer-hinter-der-degussa\",\"url\":\"https:\/\/www.degussa-mp.es\/de\/wer-steht-als-eigentuemer-hinter-der-degussa\",\"name\":\"Wer steht als Eigent\u00fcmer hinter der Degussa? - Degussa\",\"isPartOf\":{\"@id\":\"https:\/\/www.degussa-mp.es\/#website\"},\"datePublished\":\"2022-05-27T07:57:37+00:00\",\"dateModified\":\"2022-05-27T07:57:37+00:00\",\"breadcrumb\":{\"@id\":\"https:\/\/www.degussa-mp.es\/de\/wer-steht-als-eigentuemer-hinter-der-degussa#breadcrumb\"},\"inLanguage\":\"de\",\"potentialAction\":[{\"@type\":\"ReadAction\",\"target\":[\"https:\/\/www.degussa-mp.es\/de\/wer-steht-als-eigentuemer-hinter-der-degussa\"]}]},{\"@type\":\"BreadcrumbList\",\"@id\":\"https:\/\/www.degussa-mp.es\/de\/wer-steht-als-eigentuemer-hinter-der-degussa#breadcrumb\",\"itemListElement\":[{\"@type\":\"ListItem\",\"position\":1,\"name\":\"Home\",\"item\":\"https:\/\/www.degussa-mp.es\/de\"},{\"@type\":\"ListItem\",\"position\":2,\"name\":\"Wer steht als Eigent\u00fcmer hinter der Degussa?\"}]},{\"@type\":\"WebSite\",\"@id\":\"https:\/\/www.degussa-mp.es\/#website\",\"url\":\"https:\/\/www.degussa-mp.es\/\",\"name\":\"Degussa\",\"description\":\"ESPECIALISTAS EN METALES PRECIOSOS\",\"publisher\":{\"@id\":\"https:\/\/www.degussa-mp.es\/#organization\"},\"potentialAction\":[{\"@type\":\"SearchAction\",\"target\":{\"@type\":\"EntryPoint\",\"urlTemplate\":\"https:\/\/www.degussa-mp.es\/?s={search_term_string}\"},\"query-input\":{\"@type\":\"PropertyValueSpecification\",\"valueRequired\":true,\"valueName\":\"search_term_string\"}}],\"inLanguage\":\"de\"},{\"@type\":\"Organization\",\"@id\":\"https:\/\/www.degussa-mp.es\/#organization\",\"name\":\"Degussa\",\"url\":\"https:\/\/www.degussa-mp.es\/\",\"logo\":{\"@type\":\"ImageObject\",\"inLanguage\":\"de\",\"@id\":\"https:\/\/www.degussa-mp.es\/#\/schema\/logo\/image\/\",\"url\":\"https:\/\/www.degussa-mp.es\/wp-content\/uploads\/2022\/04\/Degussa-Goldhandel-Logo.svg\",\"contentUrl\":\"https:\/\/www.degussa-mp.es\/wp-content\/uploads\/2022\/04\/Degussa-Goldhandel-Logo.svg\",\"caption\":\"Degussa\"},\"image\":{\"@id\":\"https:\/\/www.degussa-mp.es\/#\/schema\/logo\/image\/\"}},{\"@type\":\"Person\",\"@id\":\"https:\/\/www.degussa-mp.es\/#\/schema\/person\/b7554e607483cfa6aaccbd127038f5e9\",\"name\":\"detailag\",\"image\":{\"@type\":\"ImageObject\",\"inLanguage\":\"de\",\"@id\":\"https:\/\/www.degussa-mp.es\/#\/schema\/person\/image\/\",\"url\":\"https:\/\/secure.gravatar.com\/avatar\/1e91025d7cf1559e9f3d408136663c5e?s=96&d=mm&r=g\",\"contentUrl\":\"https:\/\/secure.gravatar.com\/avatar\/1e91025d7cf1559e9f3d408136663c5e?s=96&d=mm&r=g\",\"caption\":\"detailag\"},\"sameAs\":[\"https:\/\/spain.degussa.detail-digital.ch\"],\"url\":\"https:\/\/www.degussa-mp.es\/de\/author\/detailag\"}]}<\/script>\n<!-- \/ Yoast SEO plugin. -->","yoast_head_json":{"title":"Wer steht als Eigent\u00fcmer hinter der Degussa? - Degussa","robots":{"index":"index","follow":"follow","max-snippet":"max-snippet:-1","max-image-preview":"max-image-preview:large","max-video-preview":"max-video-preview:-1"},"canonical":"https:\/\/www.degussa-mp.es\/de\/wer-steht-als-eigentuemer-hinter-der-degussa","og_locale":"de_DE","og_type":"article","og_title":"Wer steht als Eigent\u00fcmer hinter der Degussa? - Degussa","og_description":"Die Degussa befindet sich zu 100 Prozent im Eigentum einer Kapitalanlagegesellschaft, die zu einer der verm\u00f6gendsten deutschen Familien geh\u00f6rt. Diese hat im Jahr 2010 die Nutzungsrechte f\u00fcr die Marke in Verbindung mit dem Edelmetallgesch\u00e4ft von der Evonik Industries AG erworben und das Unternehmen Degussa gegr\u00fcndet.","og_url":"https:\/\/www.degussa-mp.es\/de\/wer-steht-als-eigentuemer-hinter-der-degussa","og_site_name":"Degussa","article_published_time":"2022-05-27T07:57:37+00:00","author":"detailag","twitter_card":"summary_large_image","twitter_misc":{"Verfasst von":"detailag"},"schema":{"@context":"https:\/\/schema.org","@graph":[{"@type":"Article","@id":"https:\/\/www.degussa-mp.es\/de\/wer-steht-als-eigentuemer-hinter-der-degussa#article","isPartOf":{"@id":"https:\/\/www.degussa-mp.es\/de\/wer-steht-als-eigentuemer-hinter-der-degussa"},"author":{"name":"detailag","@id":"https:\/\/www.degussa-mp.es\/#\/schema\/person\/b7554e607483cfa6aaccbd127038f5e9"},"headline":"Wer steht als Eigent\u00fcmer hinter der Degussa?","datePublished":"2022-05-27T07:57:37+00:00","dateModified":"2022-05-27T07:57:37+00:00","mainEntityOfPage":{"@id":"https:\/\/www.degussa-mp.es\/de\/wer-steht-als-eigentuemer-hinter-der-degussa"},"wordCount":56,"commentCount":0,"publisher":{"@id":"https:\/\/www.degussa-mp.es\/#organization"},"articleSection":["Unternehmen"],"inLanguage":"de","potentialAction":[{"@type":"CommentAction","name":"Comment","target":["https:\/\/www.degussa-mp.es\/de\/wer-steht-als-eigentuemer-hinter-der-degussa#respond"]}]},{"@type":"WebPage","@id":"https:\/\/www.degussa-mp.es\/de\/wer-steht-als-eigentuemer-hinter-der-degussa","url":"https:\/\/www.degussa-mp.es\/de\/wer-steht-als-eigentuemer-hinter-der-degussa","name":"Wer steht als Eigent\u00fcmer hinter der Degussa? - Degussa","isPartOf":{"@id":"https:\/\/www.degussa-mp.es\/#website"},"datePublished":"2022-05-27T07:57:37+00:00","dateModified":"2022-05-27T07:57:37+00:00","breadcrumb":{"@id":"https:\/\/www.degussa-mp.es\/de\/wer-steht-als-eigentuemer-hinter-der-degussa#breadcrumb"},"inLanguage":"de","potentialAction":[{"@type":"ReadAction","target":["https:\/\/www.degussa-mp.es\/de\/wer-steht-als-eigentuemer-hinter-der-degussa"]}]},{"@type":"BreadcrumbList","@id":"https:\/\/www.degussa-mp.es\/de\/wer-steht-als-eigentuemer-hinter-der-degussa#breadcrumb","itemListElement":[{"@type":"ListItem","position":1,"name":"Home","item":"https:\/\/www.degussa-mp.es\/de"},{"@type":"ListItem","position":2,"name":"Wer steht als Eigent\u00fcmer hinter der Degussa?"}]},{"@type":"WebSite","@id":"https:\/\/www.degussa-mp.es\/#website","url":"https:\/\/www.degussa-mp.es\/","name":"Degussa","description":"ESPECIALISTAS EN METALES PRECIOSOS","publisher":{"@id":"https:\/\/www.degussa-mp.es\/#organization"},"potentialAction":[{"@type":"SearchAction","target":{"@type":"EntryPoint","urlTemplate":"https:\/\/www.degussa-mp.es\/?s={search_term_string}"},"query-input":{"@type":"PropertyValueSpecification","valueRequired":true,"valueName":"search_term_string"}}],"inLanguage":"de"},{"@type":"Organization","@id":"https:\/\/www.degussa-mp.es\/#organization","name":"Degussa","url":"https:\/\/www.degussa-mp.es\/","logo":{"@type":"ImageObject","inLanguage":"de","@id":"https:\/\/www.degussa-mp.es\/#\/schema\/logo\/image\/","url":"https:\/\/www.degussa-mp.es\/wp-content\/uploads\/2022\/04\/Degussa-Goldhandel-Logo.svg","contentUrl":"https:\/\/www.degussa-mp.es\/wp-content\/uploads\/2022\/04\/Degussa-Goldhandel-Logo.svg","caption":"Degussa"},"image":{"@id":"https:\/\/www.degussa-mp.es\/#\/schema\/logo\/image\/"}},{"@type":"Person","@id":"https:\/\/www.degussa-mp.es\/#\/schema\/person\/b7554e607483cfa6aaccbd127038f5e9","name":"detailag","image":{"@type":"ImageObject","inLanguage":"de","@id":"https:\/\/www.degussa-mp.es\/#\/schema\/person\/image\/","url":"https:\/\/secure.gravatar.com\/avatar\/1e91025d7cf1559e9f3d408136663c5e?s=96&d=mm&r=g","contentUrl":"https:\/\/secure.gravatar.com\/avatar\/1e91025d7cf1559e9f3d408136663c5e?s=96&d=mm&r=g","caption":"detailag"},"sameAs":["https:\/\/spain.degussa.detail-digital.ch"],"url":"https:\/\/www.degussa-mp.es\/de\/author\/detailag"}]}},"_links":{"self":[{"href":"https:\/\/www.degussa-mp.es\/de\/wp-json\/wp\/v2\/posts\/2014"}],"collection":[{"href":"https:\/\/www.degussa-mp.es\/de\/wp-json\/wp\/v2\/posts"}],"about":[{"href":"https:\/\/www.degussa-mp.es\/de\/wp-json\/wp\/v2\/types\/post"}],"author":[{"embeddable":true,"href":"https:\/\/www.degussa-mp.es\/de\/wp-json\/wp\/v2\/users\/1"}],"replies":[{"embeddable":true,"href":"https:\/\/www.degussa-mp.es\/de\/wp-json\/wp\/v2\/comments?post=2014"}],"version-history":[{"count":1,"href":"https:\/\/www.degussa-mp.es\/de\/wp-json\/wp\/v2\/posts\/2014\/revisions"}],"predecessor-version":[{"id":2015,"href":"https:\/\/www.degussa-mp.es\/de\/wp-json\/wp\/v2\/posts\/2014\/revisions\/2015"}],"wp:attachment":[{"href":"https:\/\/www.degussa-mp.es\/de\/wp-json\/wp\/v2\/media?parent=2014"}],"wp:term":[{"taxonomy":"category","embeddable":true,"href":"https:\/\/www.degussa-mp.es\/de\/wp-json\/wp\/v2\/categories?post=2014"},{"taxonomy":"post_tag","embeddable":true,"href":"https:\/\/www.degussa-mp.es\/de\/wp-json\/wp\/v2\/tags?post=2014"}],"curies":[{"name":"wp","href":"https:\/\/api.w.org\/{rel}","templated":true}]}}